[{"@context":"https:\/\/schema.org\/","@type":"Article","@id":"https:\/\/www.bofi.cz\/i-lofty-maji-sve-kouzlo\/#Article","mainEntityOfPage":"https:\/\/www.bofi.cz\/i-lofty-maji-sve-kouzlo\/","headline":"I lofty maj\u00ed sv\u00e9 kouzlo","name":"I lofty maj\u00ed sv\u00e9 kouzlo","description":"Loft je vlastn\u011b n\u011bco na zp\u016fsob ateli\u00e9rov\u00e9ho bydlen\u00ed, kter\u00fd vznik\u00e1 p\u0159estavbou nevyu\u017e\u00edvan\u00fdch pr\u016fmyslov\u00fdch objekt\u016f. Vznikaj\u00ed velk\u00e9 otev\u0159en\u00e9 prostory s vysok\u00fdmi stropy, kter\u00e9 v\u011bt\u0161inou neb\u00fdvaj\u00ed \u010dlen\u011bn\u00e9 p\u0159\u00ed\u010dkami. Stropy s nezvyklou v\u00fd\u0161kou vytv\u00e1\u0159\u00ed ojedin\u011blou mo\u017enost pro stavbu pater a galeri\u00ed, kter\u00e9 se st\u00e1vaj\u00ed charakteristick\u00fdm znakem loftu. Ale hlavn\u00edm znakem loftu je PROSTOR. Historii loftov\u00e9ho bydlen\u00ed bychom na\u0161li [&hellip;]","datePublished":"2023-04-27","dateModified":"2023-04-27","author":{"@type":"Person","@id":"https:\/\/www.bofi.cz\/author\/#Person","name":"bofi.cz","url":"https:\/\/www.bofi.cz\/author\/","identifier":1,"image":{"@type":"ImageObject","@id":"https:\/\/secure.gravatar.com\/avatar\/6eaf701939e92690bed32d6f2e2c0f9e1355f2e3837c1fb45fbfacf848239e2d?s=96&d=mm&r=g","url":"https:\/\/secure.gravatar.com\/avatar\/6eaf701939e92690bed32d6f2e2c0f9e1355f2e3837c1fb45fbfacf848239e2d?s=96&d=mm&r=g","height":96,"width":96}},"publisher":{"@type":"Organization","name":"bofi.cz","logo":{"@type":"ImageObject","@id":"\/logo.png","url":"\/logo.png","width":600,"height":60}},"url":"https:\/\/www.bofi.cz\/i-lofty-maji-sve-kouzlo\/","about":["Bydlen\u00ed"],"wordCount":444,"articleBody":"Loft je vlastn\u011b n\u011bco na zp\u016fsob ateli\u00e9rov\u00e9ho bydlen\u00ed, kter\u00fd vznik\u00e1 p\u0159estavbou nevyu\u017e\u00edvan\u00fdch pr\u016fmyslov\u00fdch objekt\u016f. Vznikaj\u00ed velk\u00e9 otev\u0159en\u00e9 prostory s vysok\u00fdmi stropy, kter\u00e9 v\u011bt\u0161inou neb\u00fdvaj\u00ed \u010dlen\u011bn\u00e9 p\u0159\u00ed\u010dkami. Stropy s nezvyklou v\u00fd\u0161kou vytv\u00e1\u0159\u00ed ojedin\u011blou mo\u017enost pro stavbu pater a galeri\u00ed, kter\u00e9 se st\u00e1vaj\u00ed charakteristick\u00fdm znakem loftu. Ale hlavn\u00edm znakem loftu je PROSTOR.Historii loftov\u00e9ho bydlen\u00ed bychom na\u0161li mezi 50. a 60. lety minul\u00e9ho stolet\u00ed, kdy lid\u00e9 ve velk\u00fdch metropol\u00edch, jako je nap\u0159. New York, za\u010dali pro bydlen\u00ed vyu\u017e\u00edvat star\u00e9 opu\u0161t\u011bn\u00e9 tov\u00e1rny a sklady. M\u011bly dv\u011b dobr\u00e9 vlastnosti, dobrou polohu a zejm\u00e9na zmi\u0148ovan\u00fd velk\u00fd prostor. Jako prvn\u00ed je za\u010daly vyu\u017e\u00edvat um\u011blci jako sv\u00e9 ateli\u00e9ry a za\u0159izovaly si je sou\u010dasn\u011b i jako bydlen\u00ed, proto b\u00fdv\u00e1 loftov\u00e9 bydlen\u00ed \u010dasto spojov\u00e1no s boh\u00e9msk\u00fdm \u017eivotem.Mo\u017en\u00e1 je\u0161t\u011b n\u011bkde existuj\u00ed \u201estar\u00e9 lofty\u201c, kter\u00e9 se vyzna\u010dovaly pr\u00e1v\u011b ohromn\u00fdm prostorem, kde nebylo nic rozd\u011bleno dve\u0159mi, p\u0159\u00ed\u010dkami, jedin\u00e9 uzav\u0159en\u00e9 m\u00edstnosti v\u011bt\u0161inou byla pouze koupelna, pop\u0159. lo\u017enice, lid\u00e9 v nich zachov\u00e1vali p\u016fvodn\u00ed charakter, jako betonov\u00e9 podlahy, kovov\u00e1 schodi\u0161t\u011b, pr\u016fmyslov\u00e9 lampy apod.V dne\u0161n\u00ed dob\u011b u\u017e se s takov\u00fdm bydlen\u00edm ve star\u00e9 opu\u0161t\u011bn\u00e9 tov\u00e1rn\u011b setk\u00e1me m\u00e1lokdy, a to opravdu jen v zahrani\u010d\u00ed, ale architekti nev\u00e1hali a d\u00edky popt\u00e1vce po loftech za\u010dali stav\u011bt nov\u00e9 budovy, kter\u00e9 jsou star\u00fdm loft\u016fm \u201ealespo\u0148 podobn\u00e9\u201c &#8211; maj\u00ed voln\u00e9, ni\u010d\u00edm ned\u011blen\u00e9 prostory s vysok\u00fdmi stropy a velk\u00e1 okna.Co je pro loftov\u00e9 bydlen\u00ed charakteristick\u00e9:&#8211;\u00a0\u00a0\u00a0\u00a0\u00a0\u00a0\u00a0 z barev jsou to barvy kovu, betonu a cihel, a tak\u00e9 barva modr\u00e1&#8211;\u00a0\u00a0\u00a0\u00a0\u00a0\u00a0\u00a0 podlaha nejl\u00e9pe z betonu, d\u0159ev\u011bn\u00fdch prken nebo dla\u017eba, ale pozor \u2013 ciheln\u00e1, ne jakou si asi p\u0159edstav\u00edte pod slovem dla\u017eba&#8211;\u00a0\u00a0\u00a0\u00a0\u00a0\u00a0\u00a0 sv\u00edtidla \u2013 nejl\u00e9pe pr\u016fmyslov\u00e1, kovov\u00e1Jak\u00fdm n\u00e1bytkem si loft za\u0159\u00eddit, aby skute\u010dn\u011b p\u0159ipom\u00ednal \u201eprav\u00fd loft\u201c?&#8211;\u00a0\u00a0\u00a0\u00a0\u00a0\u00a0\u00a0 typick\u00fdmi prvky jsou velk\u00fd prostor, re\u017en\u00e9 cihly, tak\u017ee n\u00e1bytek vyb\u00edrejte z kombinace masivn\u00edho d\u0159eva a kovu, a proto\u017ee to bylo bydlen\u00ed ve star\u00e9 tov\u00e1rn\u011b, budilo dojem zabydlenosti u\u017e n\u011bjakou dobu, tohoto dojmu m\u016f\u017eete doc\u00edlit nap\u0159. patinou, nap\u0159. na podlah\u00e1ch&#8211;\u00a0\u00a0\u00a0\u00a0\u00a0\u00a0\u00a0 do kuchyn\u011b pou\u017eijte otev\u0159en\u00e9 kovov\u00e9 reg\u00e1ly, ur\u010dit\u011b ne klasickou kuchy\u0148skou linku, t\u00edm byste celkov\u00fd dojem \u00fapln\u011b zkazili&#8211;\u00a0\u00a0\u00a0\u00a0\u00a0\u00a0\u00a0 do koupelny m\u016f\u017eete pou\u017e\u00edt dla\u017edice ve stylu patchwork.                                                                                                                                                                                                                                                                                                                                                                                        5\/5 - (4 votes)        "},{"@context":"https:\/\/schema.org\/","@type":"BreadcrumbList","itemListElement":[{"@type":"ListItem","position":1,"name":"I lofty maj\u00ed sv\u00e9 kouzlo","item":"https:\/\/www.bofi.cz\/i-lofty-maji-sve-kouzlo\/#breadcrumbitem"}]}]