[{"@context":"https:\/\/schema.org\/","@type":"Article","@id":"https:\/\/www.bofi.cz\/dost-mista-pro-vsechny\/#Article","mainEntityOfPage":"https:\/\/www.bofi.cz\/dost-mista-pro-vsechny\/","headline":"Dost m\u00edsta pro v\u0161echny","name":"Dost m\u00edsta pro v\u0161echny","description":"Jste po\u010detn\u00e1 rodina, kter\u00e1 krom\u011b n\u011bkolika d\u011bt\u00ed \u010d\u00edt\u00e1 i jednoho \u010di v\u00edce pejsk\u016f? Pak mus\u00edte m\u00edt jist\u011b velk\u00e9 auto, nem\u016f\u017eete si vybrat jakoukoliv alternativu pro tr\u00e1ven\u00ed dovolen\u00e9. Je t\u0159eba p\u0159i jej\u00edm v\u00fdb\u011bru br\u00e1t ohled na v\u0161echny \u010dleny rodiny. Bude tam dost z\u00e1bavy pro d\u011bti? M\u016f\u017eeme s sebou vz\u00edt na\u0161e pejsky? Nebudou d\u011bti ru\u0161it ostatn\u00ed hosty? [&hellip;]","datePublished":"2025-09-03","dateModified":"2025-09-03","author":{"@type":"Person","@id":"https:\/\/www.bofi.cz\/author\/#Person","name":"bofi.cz","url":"https:\/\/www.bofi.cz\/author\/","identifier":1,"image":{"@type":"ImageObject","@id":"https:\/\/secure.gravatar.com\/avatar\/6eaf701939e92690bed32d6f2e2c0f9e1355f2e3837c1fb45fbfacf848239e2d?s=96&d=mm&r=g","url":"https:\/\/secure.gravatar.com\/avatar\/6eaf701939e92690bed32d6f2e2c0f9e1355f2e3837c1fb45fbfacf848239e2d?s=96&d=mm&r=g","height":96,"width":96}},"publisher":{"@type":"Organization","name":"bofi.cz","logo":{"@type":"ImageObject","@id":"\/logo.png","url":"\/logo.png","width":600,"height":60}},"url":"https:\/\/www.bofi.cz\/dost-mista-pro-vsechny\/","wordCount":216,"articleBody":"Jste po\u010detn\u00e1 rodina, kter\u00e1 krom\u011b n\u011bkolika d\u011bt\u00ed \u010d\u00edt\u00e1 i jednoho \u010di v\u00edce pejsk\u016f? Pak mus\u00edte m\u00edt jist\u011b velk\u00e9 auto, nem\u016f\u017eete si vybrat jakoukoliv alternativu pro tr\u00e1ven\u00ed dovolen\u00e9. Je t\u0159eba p\u0159i jej\u00edm v\u00fdb\u011bru br\u00e1t ohled na v\u0161echny \u010dleny rodiny. Bude tam dost z\u00e1bavy pro d\u011bti? M\u016f\u017eeme s sebou vz\u00edt na\u0161e pejsky? Nebudou d\u011bti ru\u0161it ostatn\u00ed hosty? Nebudeme svou uvoln\u011bnou atmosf\u00e9rou naru\u0161ovat \u0159\u00e1d a obvykl\u00fd chod ubytovac\u00edho za\u0159\u00edzen\u00ed? Bude p\u0159i tom v\u0161em trocha prostoru i pro n\u00e1s, rodi\u010de, abychom si u\u017eili chvilku pohody jen pro sebe? Takov\u00e9 a dal\u0161\u00ed podobn\u00e9 ot\u00e1zky se V\u00e1m jist\u011b roj\u00ed hlavou p\u0159ed ka\u017edou letn\u00ed dovolenou. My m\u00e1me jasnou odpov\u011b\u010f, kter\u00e1 zn\u00ed ABC. Pozv\u011bte i p\u0159\u00e1tele ABC je jak\u00fdmsi synonymem pohodov\u00e9 dovolen\u00e9, dovolen\u00e9 perfektn\u00ed pro rodiny s d\u011btmi, dovolen\u00e9 tr\u00e1ven\u00e9 s partou p\u0159\u00e1tel, dovolen\u00e9 ve spole\u010dnosti \u010dty\u0159noh\u00fdch p\u0159\u00e1tel. Tato cestovn\u00ed agentura disponuje apartm\u00e1ny Chorvatsko, disponuje mo\u017enost\u00ed ubytov\u00e1n\u00ed v karavanech, ve stanech, v mobiln\u00edch domech. V\u011bzte, \u017ee pr\u00e1v\u011b ostrov Krk, kam V\u00e1s zveme, je doslova dovolenkovou idylou pro ka\u017ed\u00fd rok.                                                                                                                                                                                                                                                                                                                                                                                                "},{"@context":"https:\/\/schema.org\/","@type":"BreadcrumbList","itemListElement":[{"@type":"ListItem","position":1,"name":"Dost m\u00edsta pro v\u0161echny","item":"https:\/\/www.bofi.cz\/dost-mista-pro-vsechny\/#breadcrumbitem"}]}]